{"id":1193,"date":"2023-03-01T23:36:29","date_gmt":"2023-03-01T23:36:29","guid":{"rendered":"https:\/\/portaldiadia.com\/?p=1193"},"modified":"2023-04-11T13:56:24","modified_gmt":"2023-04-11T13:56:24","slug":"hogyan-hasznaljuk-a-novenyeket-a-belsoepiteszetben","status":"publish","type":"post","link":"https:\/\/portaldiadia.com\/hu\/hogyan-hasznaljuk-a-novenyeket-a-belsoepiteszetben\/","title":{"rendered":"Hogyan haszn\u00e1ljuk a n\u00f6v\u00e9nyeket a bels\u0151\u00e9p\u00edt\u00e9szetben?"},"content":{"rendered":"<p>Szeretn\u00e9d tudni <strong>hogyan haszn\u00e1ljuk a n\u00f6v\u00e9nyeket a bels\u0151\u00e9p\u00edt\u00e9szetben<\/strong>? Akkor j\u00f3 helyen j\u00e1rsz!<\/p>\n<p><img loading=\"lazy\" decoding=\"async\" class=\"aligncenter size-full wp-image-1194\" src=\"http:\/\/portaldiadia.com\/wp-content\/uploads\/2023\/04\/Como-utilizar-plantas-na-decoracao-de-interiores.jpg\" alt=\"\" width=\"700\" height=\"400\" srcset=\"https:\/\/portaldiadia.com\/wp-content\/uploads\/2023\/04\/Como-utilizar-plantas-na-decoracao-de-interiores.jpg 700w, https:\/\/portaldiadia.com\/wp-content\/uploads\/2023\/04\/Como-utilizar-plantas-na-decoracao-de-interiores-300x171.jpg 300w, https:\/\/portaldiadia.com\/wp-content\/uploads\/2023\/04\/Como-utilizar-plantas-na-decoracao-de-interiores-696x398.jpg 696w\" sizes=\"auto, (max-width: 700px) 100vw, 700px\" \/><\/p>\n<p>A n\u00f6v\u00e9nyek k\u00e9ts\u00e9gtelen\u00fcl kiv\u00e1l\u00f3 lehet\u0151s\u00e9get k\u00edn\u00e1lnak arra, hogy \u00e9lettel \u00e9s sz\u00ednekkel ruh\u00e1zz\u00e1k fel a bels\u0151 dekor\u00e1ci\u00f3t.<\/p>\n<p>Ezenk\u00edv\u00fcl seg\u00edtik a leveg\u0151 tiszt\u00edt\u00e1s\u00e1t, jav\u00edtj\u00e1k a belt\u00e9ri leveg\u0151 min\u0151s\u00e9g\u00e9t \u00e9s seg\u00edtenek cs\u00f6kkenteni a stresszt.<\/p>\n<p>Ha olyan m\u00f3dszereket keres, amelyek seg\u00edts\u00e9g\u00e9vel n\u00f6v\u00e9nyeket haszn\u00e1lhat dekor\u00e1ci\u00f3j\u00e1ban, ez a cikk n\u00e9h\u00e1ny tippet \u00e9s \u00f6tletet ad az indul\u00e1shoz.<\/p>\n<p>K\u00f6vessen, hogy t\u00f6bbet megtudjon!<\/p>\n<h2>Hogyan haszn\u00e1ljuk a n\u00f6v\u00e9nyeket a bels\u0151\u00e9p\u00edt\u00e9szetben?<\/h2>\n<h3>V\u00e1lassza ki a hely\u00e9nek megfelel\u0151 n\u00f6v\u00e9nyeket<\/h3>\n<p>A lakberendez\u00e9si n\u00f6v\u00e9nyek kiv\u00e1laszt\u00e1s\u00e1n\u00e1l fontos, hogy olyan n\u00f6v\u00e9nyeket v\u00e1lasszunk, amelyek j\u00f3l alkalmazkodnak a k\u00f6rnyezethez.<\/p>\n<p>Egyes n\u00f6v\u00e9nyeknek sok f\u00e9nyre \u00e9s p\u00e1ratartalomra van sz\u00fcks\u00e9g\u00fck, m\u00edg m\u00e1sok kev\u00e9s f\u00e9ny \u00e9s v\u00edz mellett is t\u00fal\u00e9lnek. Ez\u00e9rt vegye figyelembe a hely adotts\u00e1gait, \u00e9s v\u00e1lasszon olyan n\u00f6v\u00e9nyeket, amelyek j\u00f3l tudnak fejl\u0151dni a k\u00f6rnyezet\u00e9ben.<\/p>\n<h3>V\u00e1lassza ki a megfelel\u0151 ed\u00e9nyeket<\/h3>\n<p>Val\u00f3j\u00e1ban a megfelel\u0151 v\u00e1z\u00e1k elengedhetetlenek a n\u00f6v\u00e9nyekkel val\u00f3 bels\u0151 dekor\u00e1ci\u00f3hoz.<\/p>\n<p>V\u00e1lasszon olyan cserepeket, amelyek illeszkednek a helyis\u00e9g dekor\u00e1ci\u00f3j\u00e1hoz, \u00e9s megfelelnek a n\u00f6v\u00e9ny ig\u00e9nyeinek. A ker\u00e1mia, fa \u00e9s \u00fcvegv\u00e1z\u00e1k n\u00e9pszer\u0171ek.<\/p>\n<h3>Hozzon l\u00e9tre n\u00f6v\u00e9nycsoportokat<\/h3>\n<p>A n\u00f6v\u00e9nyek csoportos\u00edt\u00e1sa nagyszer\u0171 m\u00f3dja annak, hogy \u00e9rdekes f\u00f3kuszpontot hozzon l\u00e9tre egy t\u00e9rben.<\/p>\n<p>Kombin\u00e1lja a k\u00fcl\u00f6nb\u00f6z\u0151 m\u00e9ret\u0171 \u00e9s t\u00edpus\u00fa n\u00f6v\u00e9nyeket, hogy egyedi \u00e9s tetszet\u0151s kijelz\u0151t hozzon l\u00e9tre. Haszn\u00e1ljon v\u00e1ltoz\u00f3 m\u00e9ret\u0171 \u00e9s magass\u00e1g\u00fa v\u00e1z\u00e1kat a term\u00e9szetesebb megjelen\u00e9s \u00e9rdek\u00e9ben.<\/p>\n<h3>Haszn\u00e1ljon polcokat \u00e9s t\u00e1maszt\u00e9kokat<\/h3>\n<p>A polcok \u00e9s t\u00e1maszt\u00e9kok kiv\u00e1l\u00f3 lehet\u0151s\u00e9gek a n\u00f6v\u00e9nyek bemutat\u00e1s\u00e1ra. Haszn\u00e1ljon lebeg\u0151 polcokat vagy fali konzolokat, hogy \u00e9rdekes f\u00fcgg\u0151leges kijelz\u0151t k\u00e9sz\u00edtsen. Ez seg\u00edt maximaliz\u00e1lni a rendelkez\u00e9sre \u00e1ll\u00f3 helyet, \u00e9s modernebb megjelen\u00e9st k\u00f6lcs\u00f6n\u00f6z a dekor\u00e1ci\u00f3nak.<\/p>\n<h3>D\u00edsz\u00edtsd f\u00fcgg\u0151 n\u00f6v\u00e9nyekkel<\/h3>\n<p>A f\u00fcgg\u0151 n\u00f6v\u00e9nyek kiv\u00e1l\u00f3 lehet\u0151s\u00e9get jelentenek kis helyekre, mivel helyet takar\u00edtanak meg \u00e9s vizu\u00e1lis \u00e9rdekl\u0151d\u00e9st k\u00f6lcs\u00f6n\u00f6znek.<\/p>\n<p>Haszn\u00e1ljon mennyezeti tart\u00f3kat vagy f\u00fcgg\u0151 vet\u0151g\u00e9peket, hogy egyedi \u00e9s \u00e9rdekes ki\u00e1ll\u00edt\u00e1st k\u00e9sz\u00edtsen.<\/p>\n<p>Val\u00f3j\u00e1ban a f\u00fcgg\u0151 n\u00f6v\u00e9nyek elhelyezhet\u0151k a polcokon, a sarkokban vagy az \u00e9tkez\u0151ben.<\/p>\n<h3>Adjon hozz\u00e1 n\u00f6v\u00e9nyeket a f\u00fcrd\u0151szob\u00e1ba<\/h3>\n<p>A f\u00fcrd\u0151szoba gyakran figyelmen k\u00edv\u00fcl hagyott hely, amikor n\u00f6v\u00e9nyekkel d\u00edsz\u00edtj\u00fck.<\/p>\n<p>Azonban ez egy nagyszer\u0171 hely a n\u00f6v\u00e9nyek hozz\u00e1ad\u00e1s\u00e1ra, mivel ez egy nedves, meleg k\u00f6rnyezet, amelyet sok n\u00f6v\u00e9ny szeret.<\/p>\n<p>Ehhez helyezzen n\u00f6v\u00e9nyeket a polcokra, az ablakokba, vagy haszn\u00e1ljon f\u00fcgg\u0151 n\u00f6v\u00e9nyeket, hogy term\u00e9szetesebb \u00e9s h\u00edvogat\u00f3bb megjelen\u00e9st hozzon l\u00e9tre.<\/p>\n<h3>Haszn\u00e1ljon n\u00f6v\u00e9nyeket t\u00e9relv\u00e1laszt\u00f3k\u00e9nt<\/h3>\n<p>A n\u00f6v\u00e9nyek kiv\u00e1l\u00f3 lehet\u0151s\u00e9get k\u00edn\u00e1lnak t\u00e9relv\u00e1laszt\u00f3k l\u00e9trehoz\u00e1s\u00e1ra nyitott t\u00e9rben.<\/p>\n<p>Haszn\u00e1ljon magas n\u00f6v\u00e9nyeket, p\u00e9ld\u00e1ul p\u00e1lmaf\u00e1kat vagy bambuszt, hogy vizu\u00e1lisan elv\u00e1lassza a nappalit \u00e9s az \u00e9tkez\u0151t.<\/p>\n<p>Amellett, hogy vizu\u00e1lis \u00e9rdekl\u0151d\u00e9st k\u00f6lcs\u00f6n\u00f6znek, a n\u00f6v\u00e9nyek hozz\u00e1j\u00e1rulnak a zaj cs\u00f6kkent\u00e9s\u00e9hez \u00e9s a mag\u00e1n\u00e9let \u00e9rzet\u00e9nek megteremt\u00e9s\u00e9hez.<\/p>\n<h3>Adjon hozz\u00e1 egy f\u00fcgg\u0151leges kertet<\/h3>\n<p>Val\u00f3j\u00e1ban a f\u00fcgg\u0151leges kertek kiv\u00e1l\u00f3 lehet\u0151s\u00e9get jelentenek a vonz\u00f3 megjelen\u00e9s megteremt\u00e9s\u00e9re \u00e9s a rendelkez\u00e9sre \u00e1ll\u00f3 hely maximaliz\u00e1l\u00e1s\u00e1ra.<\/p>\n<p>Ehhez haszn\u00e1ljon fa paneleket, lebeg\u0151 polcokat vagy n\u00f6v\u00e9nytart\u00f3kat.<\/p>","protected":false},"excerpt":{"rendered":"<p>Szeretn\u00e9d tudni, hogyan haszn\u00e1ld a n\u00f6v\u00e9nyeket a bels\u0151\u00e9p\u00edt\u00e9szetben? Akkor j\u00f3 helyen j\u00e1rsz! K\u00e9ts\u00e9gtelen, hogy a n\u00f6v\u00e9nyek kiv\u00e1l\u00f3 lehet\u0151s\u00e9get k\u00edn\u00e1lnak arra, hogy \u00e9letet \u00e9s sz\u00ednt vigy\u00fcnk a bels\u0151\u00e9p\u00edt\u00e9szetbe. Ezenk\u00edv\u00fcl seg\u00edtenek tiszt\u00edtani a leveg\u0151t, jav\u00edtani a belt\u00e9ri leveg\u0151 min\u0151s\u00e9g\u00e9t \u00e9s cs\u00f6kkenteni a stresszt. Ha [\u2026]<\/p>","protected":false},"author":1,"featured_media":1194,"comment_status":"open","ping_status":"open","sticky":false,"template":"","format":"standard","meta":{"footnotes":""},"categories":[1],"tags":[],"class_list":{"0":"post-1193","1":"post","2":"type-post","3":"status-publish","4":"format-standard","5":"has-post-thumbnail","7":"category-uncategorized"},"_links":{"self":[{"href":"https:\/\/portaldiadia.com\/hu\/wp-json\/wp\/v2\/posts\/1193","targetHints":{"allow":["GET"]}}],"collection":[{"href":"https:\/\/portaldiadia.com\/hu\/wp-json\/wp\/v2\/posts"}],"about":[{"href":"https:\/\/portaldiadia.com\/hu\/wp-json\/wp\/v2\/types\/post"}],"author":[{"embeddable":true,"href":"https:\/\/portaldiadia.com\/hu\/wp-json\/wp\/v2\/users\/1"}],"replies":[{"embeddable":true,"href":"https:\/\/portaldiadia.com\/hu\/wp-json\/wp\/v2\/comments?post=1193"}],"version-history":[{"count":0,"href":"https:\/\/portaldiadia.com\/hu\/wp-json\/wp\/v2\/posts\/1193\/revisions"}],"wp:featuredmedia":[{"embeddable":true,"href":"https:\/\/portaldiadia.com\/hu\/wp-json\/wp\/v2\/media\/1194"}],"wp:attachment":[{"href":"https:\/\/portaldiadia.com\/hu\/wp-json\/wp\/v2\/media?parent=1193"}],"wp:term":[{"taxonomy":"category","embeddable":true,"href":"https:\/\/portaldiadia.com\/hu\/wp-json\/wp\/v2\/categories?post=1193"},{"taxonomy":"post_tag","embeddable":true,"href":"https:\/\/portaldiadia.com\/hu\/wp-json\/wp\/v2\/tags?post=1193"}],"curies":[{"name":"munkaf\u00fczet","href":"https:\/\/api.w.org\/{rel}","templated":true}]}}